{"id":492,"date":"2022-11-11T11:49:53","date_gmt":"2022-11-11T14:49:53","guid":{"rendered":"https:\/\/testeando.com.ar\/blogintegralis\/?p=492"},"modified":"2022-11-28T10:08:53","modified_gmt":"2022-11-28T13:08:53","slug":"aprender-a-pensar-2","status":"publish","type":"post","link":"https:\/\/testeando.com.ar\/blogintegralis\/2022\/11\/11\/aprender-a-pensar-2\/","title":{"rendered":"Aprender a pensar"},"content":{"rendered":"<p>[et_pb_section fb_built=\u00bb1&#8243; _builder_version=\u00bb4.14.7&#8243; _module_preset=\u00bbdefault\u00bb custom_margin=\u00bb||||false|false\u00bb global_colors_info=\u00bb{}\u00bb custom_padding=\u00bb0px|||||\u00bb][et_pb_row _builder_version=\u00bb4.14.7&#8243; _module_preset=\u00bbdefault\u00bb custom_margin=\u00bb|auto|-49px|auto||\u00bb custom_padding=\u00bb0px|||||\u00bb global_colors_info=\u00bb{}\u00bb][et_pb_column type=\u00bb4_4&#8243; _builder_version=\u00bb4.14.7&#8243; _module_preset=\u00bbdefault\u00bb global_colors_info=\u00bb{}\u00bb][et_pb_image src=\u00bbhttps:\/\/testeando.com.ar\/blogintegralis\/wp-content\/uploads\/2022\/11\/aprenderapensarmejor_header.png\u00bb title_text=\u00bbaprenderapensarmejor_header\u00bb _builder_version=\u00bb4.14.7&#8243; _module_preset=\u00bbdefault\u00bb global_colors_info=\u00bb{}\u00bb][\/et_pb_image][\/et_pb_column][\/et_pb_row][\/et_pb_section][et_pb_section fb_built=\u00bb1&#8243; _builder_version=\u00bb4.14.7&#8243; _module_preset=\u00bbdefault\u00bb custom_padding=\u00bb||0px|||\u00bb global_colors_info=\u00bb{}\u00bb][et_pb_row _builder_version=\u00bb4.14.7&#8243; _module_preset=\u00bbdefault\u00bb global_colors_info=\u00bb{}\u00bb][et_pb_column type=\u00bb4_4&#8243; _builder_version=\u00bb4.14.7&#8243; _module_preset=\u00bbdefault\u00bb global_colors_info=\u00bb{}\u00bb][et_pb_text _builder_version=\u00bb4.14.7&#8243; _module_preset=\u00bbdefault\u00bb text_font=\u00bb|||on|||||\u00bb text_text_color=\u00bb#FFFFFF\u00bb text_font_size=\u00bb25px\u00bb text_line_height=\u00bb1.8em\u00bb background_color=\u00bbgcid-63052e52-bb81-4047-b885-500f6ff17f33&#8243; custom_margin=\u00bb-154px|||||\u00bb global_colors_info=\u00bb{%22gcid-63052e52-bb81-4047-b885-500f6ff17f33%22:%91%22background_color%22%93}\u00bb]<\/p>\n<p style=\"text-align: center;\"><strong><\/strong><\/p>\n<p style=\"text-align: center;\"><strong>Aprender a pensar<br \/><\/strong><strong><\/strong><\/p>\n<p style=\"text-align: center;\"><strong><\/strong><\/p>\n<p>[\/et_pb_text][et_pb_text _builder_version=\u00bb4.14.7&#8243; _module_preset=\u00bbdefault\u00bb text_text_color=\u00bb#8F8F8F\u00bb text_font_size=\u00bb18px\u00bb text_line_height=\u00bb1.8em\u00bb width=\u00bb100%\u00bb max_width=\u00bb80%\u00bb module_alignment=\u00bbcenter\u00bb custom_padding=\u00bb16px|||||\u00bb global_colors_info=\u00bb{%22gcid-ba6f4ae6-f145-4a03-8d29-3260db8cd677%22:%91%22text_text_color%22%93}\u00bb]<\/p>\n<p style=\"text-align: justify;\">Las<span>\u00a0<\/span><span style=\"color: #0c71c3;\"><strong>rutinas de pensamiento<\/strong><\/span><span>\u00a0<\/span>son un conjunto de preguntas o breves secuencias de pasos que se utilizan para fundamentar y apoyar el pensamiento de los estudiantes.<\/p>\n<p style=\"text-align: justify;\">En 1967 fue creado el<span>\u00a0<\/span><em>Project Zero<\/em>\u200b\u200b\u200b\u200b\u200b en la Universidad de Harvard a cargo de Goodman, Perkins y Gardner, con el objetivo de mejorar la calidad de la educaci\u00f3n a trav\u00e9s del conocimiento de la actividad cognitiva.<\/p>\n<p style=\"text-align: justify;\">Las rutinas de pensamiento tienen la finalidad de que las personas disfruten del pensamiento, de descubrir la realidad y que construyan su propio aprendizaje.<\/p>\n<p style=\"text-align: justify;\">A su vez, las rutinas de pensamiento forman parte de un m\u00e9todo de ense\u00f1anza que hace el proceso de <span style=\"color: #0c71c3;\"><strong>pensamiento m\u00e1s\u00a0visible, f\u00e1cil de seguir y recordar<\/strong><\/span>.<\/p>\n<p style=\"text-align: justify;\">Te compartimos un\u00a0video\u00a0en el que las profesoras\u00a0<span style=\"color: #0c71c3;\"><strong>Marisol Ma\u00f1\u00e1<\/strong>\u00a0y\u00a0<\/span><strong><span style=\"color: #0c71c3;\">Josefina Arrighi<\/span>\u00a0<\/strong>llevan a la acci\u00f3n una rutina de pensamiento\u00a0con ni\u00f1os.<\/p>\n<p>[\/et_pb_text][et_pb_video src=\u00bbhttps:\/\/www.youtube.com\/watch?v=Lv4jSyIZ0IQ\u00bb image_src=\u00bbhttps:\/\/testeando.com.ar\/blogintegralis\/wp-content\/uploads\/2022\/11\/Captura-de-pantalla-2022-11-28-094326.jpg\u00bb _builder_version=\u00bb4.14.7&#8243; _module_preset=\u00bbdefault\u00bb global_colors_info=\u00bb{}\u00bb][\/et_pb_video][\/et_pb_column][\/et_pb_row][\/et_pb_section][et_pb_section fb_built=\u00bb1&#8243; _builder_version=\u00bb4.14.7&#8243; _module_preset=\u00bbdefault\u00bb custom_padding=\u00bb40px||0px|||\u00bb global_colors_info=\u00bb{}\u00bb][et_pb_row _builder_version=\u00bb4.14.7&#8243; _module_preset=\u00bbdefault\u00bb background_color=\u00bb#d9f3fc\u00bb custom_margin=\u00bb-35px|auto||auto||\u00bb global_colors_info=\u00bb{}\u00bb][et_pb_column type=\u00bb4_4&#8243; _builder_version=\u00bb4.14.7&#8243; _module_preset=\u00bbdefault\u00bb global_colors_info=\u00bb{}\u00bb][\/et_pb_column][\/et_pb_row][et_pb_row _builder_version=\u00bb4.14.7&#8243; _module_preset=\u00bbdefault\u00bb global_colors_info=\u00bb{}\u00bb][et_pb_column type=\u00bb4_4&#8243; _builder_version=\u00bb4.14.7&#8243; _module_preset=\u00bbdefault\u00bb global_colors_info=\u00bb{}\u00bb][et_pb_text _builder_version=\u00bb4.14.7&#8243; _module_preset=\u00bbdefault\u00bb text_font=\u00bb||||||||\u00bb text_text_color=\u00bb#FFFFFF\u00bb text_font_size=\u00bb20px\u00bb background_color=\u00bbgcid-06290be1-9505-4833-81ed-2094e7f122f5&#8243; custom_margin=\u00bb-25px||-61px|||\u00bb custom_padding=\u00bb||0px|||\u00bb global_colors_info=\u00bb{%22gcid-06290be1-9505-4833-81ed-2094e7f122f5%22:%91%22background_color%22%93}\u00bb]<\/p>\n<p style=\"text-align: center;\"><strong><\/strong><\/p>\n<p style=\"text-align: center;\">\u00a1Contanos en comentarios qu\u00e9 te pareci\u00f3!<\/p>\n<p style=\"text-align: center;\"><strong><\/strong><\/p>\n<p>[\/et_pb_text][\/et_pb_column][\/et_pb_row][\/et_pb_section]<\/p>\n","protected":false},"excerpt":{"rendered":"<p>\u00bfC\u00f3mo llevar adelante una rutina de pensamiento?<br \/>\nLas profesoras Marisol Ma\u00f1\u00e1 y Josefina Arrighi nos lo muestran con ni\u00f1os.<\/p>\n","protected":false},"author":2,"featured_media":301,"comment_status":"open","ping_status":"open","sticky":false,"template":"","format":"standard","meta":{"_et_pb_use_builder":"on","_et_pb_old_content":"","_et_gb_content_width":"2880"},"categories":[12],"tags":[],"_links":{"self":[{"href":"https:\/\/testeando.com.ar\/blogintegralis\/wp-json\/wp\/v2\/posts\/492"}],"collection":[{"href":"https:\/\/testeando.com.ar\/blogintegralis\/wp-json\/wp\/v2\/posts"}],"about":[{"href":"https:\/\/testeando.com.ar\/blogintegralis\/wp-json\/wp\/v2\/types\/post"}],"author":[{"embeddable":true,"href":"https:\/\/testeando.com.ar\/blogintegralis\/wp-json\/wp\/v2\/users\/2"}],"replies":[{"embeddable":true,"href":"https:\/\/testeando.com.ar\/blogintegralis\/wp-json\/wp\/v2\/comments?post=492"}],"version-history":[{"count":21,"href":"https:\/\/testeando.com.ar\/blogintegralis\/wp-json\/wp\/v2\/posts\/492\/revisions"}],"predecessor-version":[{"id":746,"href":"https:\/\/testeando.com.ar\/blogintegralis\/wp-json\/wp\/v2\/posts\/492\/revisions\/746"}],"wp:featuredmedia":[{"embeddable":true,"href":"https:\/\/testeando.com.ar\/blogintegralis\/wp-json\/wp\/v2\/media\/301"}],"wp:attachment":[{"href":"https:\/\/testeando.com.ar\/blogintegralis\/wp-json\/wp\/v2\/media?parent=492"}],"wp:term":[{"taxonomy":"category","embeddable":true,"href":"https:\/\/testeando.com.ar\/blogintegralis\/wp-json\/wp\/v2\/categories?post=492"},{"taxonomy":"post_tag","embeddable":true,"href":"https:\/\/testeando.com.ar\/blogintegralis\/wp-json\/wp\/v2\/tags?post=492"}],"curies":[{"name":"wp","href":"https:\/\/api.w.org\/{rel}","templated":true}]}}