{"id":536,"date":"2022-11-11T15:02:05","date_gmt":"2022-11-11T18:02:05","guid":{"rendered":"https:\/\/testeando.com.ar\/blogintegralis\/?p=536"},"modified":"2022-11-28T08:46:12","modified_gmt":"2022-11-28T11:46:12","slug":"redes-sociales-y-adolescentes-2","status":"publish","type":"post","link":"https:\/\/testeando.com.ar\/blogintegralis\/2022\/11\/11\/redes-sociales-y-adolescentes-2\/","title":{"rendered":"Redes sociales y adolescentes"},"content":{"rendered":"<p>[et_pb_section fb_built=\u00bb1&#8243; disabled_on=\u00bbon|on|off\u00bb _builder_version=\u00bb4.14.7&#8243; _module_preset=\u00bbdefault\u00bb width=\u00bb100%\u00bb max_width=\u00bb100%\u00bb custom_margin=\u00bb||||false|false\u00bb global_colors_info=\u00bb{}\u00bb custom_padding=\u00bb||0px|||\u00bb][et_pb_row _builder_version=\u00bb4.14.7&#8243; _module_preset=\u00bbdefault\u00bb max_width=\u00bb100%\u00bb custom_padding=\u00bb0px||0px|||\u00bb global_colors_info=\u00bb{}\u00bb][et_pb_column type=\u00bb4_4&#8243; _builder_version=\u00bb4.14.7&#8243; _module_preset=\u00bbdefault\u00bb global_colors_info=\u00bb{}\u00bb][et_pb_image src=\u00bbhttps:\/\/testeando.com.ar\/blogintegralis\/wp-content\/uploads\/2022\/11\/redessocialesyadolescentes.png\u00bb title_text=\u00bbredessocialesyadolescentes\u00bb _builder_version=\u00bb4.14.7&#8243; _module_preset=\u00bbdefault\u00bb width=\u00bb100%\u00bb max_width=\u00bb100%\u00bb global_colors_info=\u00bb{}\u00bb][\/et_pb_image][\/et_pb_column][\/et_pb_row][\/et_pb_section][et_pb_section fb_built=\u00bb1&#8243; disabled_on=\u00bboff|on|on\u00bb _builder_version=\u00bb4.14.7&#8243; _module_preset=\u00bbdefault\u00bb width=\u00bb100%\u00bb max_width=\u00bb100%\u00bb custom_margin=\u00bb||||false|false\u00bb global_colors_info=\u00bb{}\u00bb custom_padding=\u00bb0px|||||\u00bb][et_pb_row _builder_version=\u00bb4.14.7&#8243; _module_preset=\u00bbdefault\u00bb custom_padding=\u00bb0px||0px|||\u00bb global_colors_info=\u00bb{}\u00bb][et_pb_column type=\u00bb4_4&#8243; _builder_version=\u00bb4.14.7&#8243; _module_preset=\u00bbdefault\u00bb global_colors_info=\u00bb{}\u00bb][et_pb_image src=\u00bbhttps:\/\/testeando.com.ar\/blogintegralis\/wp-content\/uploads\/2022\/09\/iStock-1371763060-copia-scaled.jpg\u00bb title_text=\u00bbSocial media applications\u00bb _builder_version=\u00bb4.14.7&#8243; _module_preset=\u00bbdefault\u00bb global_colors_info=\u00bb{}\u00bb][\/et_pb_image][\/et_pb_column][\/et_pb_row][\/et_pb_section][et_pb_section fb_built=\u00bb1&#8243; _builder_version=\u00bb4.14.7&#8243; _module_preset=\u00bbdefault\u00bb width=\u00bb100%\u00bb max_width=\u00bb100%\u00bb custom_padding=\u00bb||0px|||\u00bb global_colors_info=\u00bb{}\u00bb][et_pb_row _builder_version=\u00bb4.14.7&#8243; _module_preset=\u00bbdefault\u00bb global_colors_info=\u00bb{}\u00bb][et_pb_column type=\u00bb4_4&#8243; _builder_version=\u00bb4.14.7&#8243; _module_preset=\u00bbdefault\u00bb global_colors_info=\u00bb{}\u00bb][et_pb_text _builder_version=\u00bb4.14.7&#8243; _module_preset=\u00bbdefault\u00bb text_font=\u00bb|||on|||||\u00bb text_text_color=\u00bb#FFFFFF\u00bb text_font_size=\u00bb20px\u00bb text_line_height=\u00bb1.8em\u00bb background_color=\u00bbgcid-06290be1-9505-4833-81ed-2094e7f122f5&#8243; custom_margin=\u00bb-166px|||||\u00bb custom_padding=\u00bb0px||0px|||\u00bb global_colors_info=\u00bb{%22gcid-06290be1-9505-4833-81ed-2094e7f122f5%22:%91%22background_color%22%93}\u00bb]<\/p>\n<p style=\"text-align: center;\"><strong><\/strong><\/p>\n<p style=\"text-align: center;\"><strong>REDES SOCIALES Y ADOLESCENTES<\/strong><strong><\/strong><\/p>\n<p style=\"text-align: center;\"><strong><\/strong><\/p>\n<p>[\/et_pb_text][et_pb_text _builder_version=\u00bb4.14.7&#8243; _module_preset=\u00bbdefault\u00bb text_text_color=\u00bb#8F8F8F\u00bb text_font_size=\u00bb18px\u00bb text_line_height=\u00bb1.8em\u00bb width=\u00bb100%\u00bb max_width=\u00bb80%\u00bb module_alignment=\u00bbcenter\u00bb custom_padding=\u00bb16px||0px|||\u00bb global_colors_info=\u00bb{%22gcid-ba6f4ae6-f145-4a03-8d29-3260db8cd677%22:%91%22text_text_color%22%93}\u00bb]<\/p>\n<p style=\"text-align: justify;\">\u00bfQu\u00e9 relaci\u00f3n tienen los adolescentes de hoy con las redes sociales? \u00bfC\u00f3mo ayudarlos a manejarlas prudentemente? \u00bfQu\u00e9 impacto tiene la informaci\u00f3n que comparten en el mundo digital?<\/p>\n<p style=\"text-align: justify;\">Te invitamos a mirar esta entrevista realizada en el marco del curso<span>\u00a0<\/span><a href=\"https:\/\/www.cursosintegralis.org\/ciudadania-digital\">Ciudadan\u00eda Digital<\/a><span>\u00a0<\/span>al psic\u00f3logo Arturo Clari\u00e1.<\/p>\n<p>[\/et_pb_text][\/et_pb_column][\/et_pb_row][\/et_pb_section][et_pb_section fb_built=\u00bb1&#8243; _builder_version=\u00bb4.14.7&#8243; _module_preset=\u00bbdefault\u00bb background_enable_color=\u00bboff\u00bb width=\u00bb100%\u00bb max_width=\u00bb100%\u00bb custom_padding=\u00bb40px||0px|||\u00bb global_colors_info=\u00bb{%22gcid-70e38d11-942a-410b-b966-d6e163106401%22:%91%22background_color%22%93}\u00bb][et_pb_row _builder_version=\u00bb4.14.7&#8243; _module_preset=\u00bbdefault\u00bb background_enable_color=\u00bboff\u00bb min_height=\u00bb643.1px\u00bb custom_margin=\u00bb-24px|auto|-500px|auto|false|false\u00bb custom_padding=\u00bb52px||0px|||\u00bb global_colors_info=\u00bb{}\u00bb][et_pb_column type=\u00bb4_4&#8243; _builder_version=\u00bb4.14.7&#8243; _module_preset=\u00bbdefault\u00bb global_colors_info=\u00bb{}\u00bb][et_pb_video src=\u00bbhttps:\/\/www.youtube.com\/watch?v=xpZjNW7ooR0&#8243; _builder_version=\u00bb4.14.7&#8243; _module_preset=\u00bbdefault\u00bb width=\u00bb70%\u00bb max_width=\u00bb100%\u00bb module_alignment=\u00bbcenter\u00bb custom_margin=\u00bb-20px|-1px|49px|5px|false|false\u00bb global_colors_info=\u00bb{}\u00bb][\/et_pb_video][\/et_pb_column][\/et_pb_row][\/et_pb_section][et_pb_section fb_built=\u00bb1&#8243; disabled_on=\u00bbon|on|off\u00bb _builder_version=\u00bb4.14.7&#8243; _module_preset=\u00bbdefault\u00bb width=\u00bb100%\u00bb max_width=\u00bb100%\u00bb global_colors_info=\u00bb{}\u00bb][et_pb_row _builder_version=\u00bb4.14.7&#8243; _module_preset=\u00bbdefault\u00bb global_colors_info=\u00bb{}\u00bb][et_pb_column type=\u00bb4_4&#8243; _builder_version=\u00bb4.14.7&#8243; _module_preset=\u00bbdefault\u00bb global_colors_info=\u00bb{}\u00bb][et_pb_text _builder_version=\u00bb4.14.7&#8243; _module_preset=\u00bbdefault\u00bb text_text_color=\u00bb#FFFFFF\u00bb text_font_size=\u00bb20px\u00bb background_color=\u00bbgcid-63052e52-bb81-4047-b885-500f6ff17f33&#8243; global_colors_info=\u00bb{%22gcid-63052e52-bb81-4047-b885-500f6ff17f33%22:%91%22background_color%22%93}\u00bb]<\/p>\n<p style=\"text-align: center;\">\n<p style=\"text-align: center;\">\u00a1Contanos en comentarios qu\u00e9 te pareci\u00f3!<\/p>\n<p style=\"text-align: center;\">[\/et_pb_text][\/et_pb_column][\/et_pb_row][\/et_pb_section][et_pb_section fb_built=\u00bb1&#8243; disabled_on=\u00bboff|on|on\u00bb _builder_version=\u00bb4.14.7&#8243; _module_preset=\u00bbdefault\u00bb width=\u00bb100%\u00bb max_width=\u00bb100%\u00bb global_colors_info=\u00bb{}\u00bb][et_pb_row _builder_version=\u00bb4.14.7&#8243; _module_preset=\u00bbdefault\u00bb global_colors_info=\u00bb{}\u00bb][et_pb_column type=\u00bb4_4&#8243; _builder_version=\u00bb4.14.7&#8243; _module_preset=\u00bbdefault\u00bb global_colors_info=\u00bb{}\u00bb][et_pb_text _builder_version=\u00bb4.14.7&#8243; _module_preset=\u00bbdefault\u00bb text_text_color=\u00bb#FFFFFF\u00bb text_font_size=\u00bb18px\u00bb background_color=\u00bbgcid-63052e52-bb81-4047-b885-500f6ff17f33&#8243; global_colors_info=\u00bb{%22gcid-63052e52-bb81-4047-b885-500f6ff17f33%22:%91%22background_color%22%93}\u00bb]<\/p>\n<p style=\"text-align: center;\">\n<p style=\"text-align: center;\">\u00a1Contanos en comentarios qu\u00e9 te pareci\u00f3!<\/p>\n<p style=\"text-align: center;\">[\/et_pb_text][\/et_pb_column][\/et_pb_row][\/et_pb_section]<\/p>\n","protected":false},"excerpt":{"rendered":"<p>En el marco del curso Ciudadan\u00eda Digital, le realizamos una entrevista al psic\u00f3logo Arturo Clari\u00e1 para profundizar en la relaci\u00f3n de los adolescentes con las redes sociales.<\/p>\n","protected":false},"author":2,"featured_media":179,"comment_status":"open","ping_status":"open","sticky":false,"template":"","format":"standard","meta":{"_et_pb_use_builder":"on","_et_pb_old_content":"","_et_gb_content_width":"2880"},"categories":[14,13],"tags":[],"_links":{"self":[{"href":"https:\/\/testeando.com.ar\/blogintegralis\/wp-json\/wp\/v2\/posts\/536"}],"collection":[{"href":"https:\/\/testeando.com.ar\/blogintegralis\/wp-json\/wp\/v2\/posts"}],"about":[{"href":"https:\/\/testeando.com.ar\/blogintegralis\/wp-json\/wp\/v2\/types\/post"}],"author":[{"embeddable":true,"href":"https:\/\/testeando.com.ar\/blogintegralis\/wp-json\/wp\/v2\/users\/2"}],"replies":[{"embeddable":true,"href":"https:\/\/testeando.com.ar\/blogintegralis\/wp-json\/wp\/v2\/comments?post=536"}],"version-history":[{"count":24,"href":"https:\/\/testeando.com.ar\/blogintegralis\/wp-json\/wp\/v2\/posts\/536\/revisions"}],"predecessor-version":[{"id":703,"href":"https:\/\/testeando.com.ar\/blogintegralis\/wp-json\/wp\/v2\/posts\/536\/revisions\/703"}],"wp:featuredmedia":[{"embeddable":true,"href":"https:\/\/testeando.com.ar\/blogintegralis\/wp-json\/wp\/v2\/media\/179"}],"wp:attachment":[{"href":"https:\/\/testeando.com.ar\/blogintegralis\/wp-json\/wp\/v2\/media?parent=536"}],"wp:term":[{"taxonomy":"category","embeddable":true,"href":"https:\/\/testeando.com.ar\/blogintegralis\/wp-json\/wp\/v2\/categories?post=536"},{"taxonomy":"post_tag","embeddable":true,"href":"https:\/\/testeando.com.ar\/blogintegralis\/wp-json\/wp\/v2\/tags?post=536"}],"curies":[{"name":"wp","href":"https:\/\/api.w.org\/{rel}","templated":true}]}}